{"id":177,"date":"2013-02-25T00:01:52","date_gmt":"2013-02-25T03:01:52","guid":{"rendered":"http:\/\/www.encontrabetim.com.br\/noticias\/?p=177"},"modified":"2013-02-24T12:56:32","modified_gmt":"2013-02-24T15:56:32","slug":"recadastramento-para-o-programa-de-auxilio-habitacionalaluguel-termina-dia-3-em-betim","status":"publish","type":"post","link":"https:\/\/www.encontrabetim.com.br\/noticias\/recadastramento-para-o-programa-de-auxilio-habitacionalaluguel-termina-dia-3-em-betim\/","title":{"rendered":"Recadastramento para o Programa de Aux\u00edlio Habitacional\/Aluguel termina dia 3 em Betim"},"content":{"rendered":"<p>O recadastramento poder\u00e1 ser feito at\u00e9 o dia 3 de mar\u00e7o, na Superintend\u00eancia de Habita\u00e7\u00e3o. Para participar, a fam\u00edlia deve morar em Betim h\u00e1 pelo menos tr\u00eas anos; residir na moradia de origem h\u00e1, no m\u00ednimo, um ano; ter sido removida em fun\u00e7\u00e3o de execu\u00e7\u00e3o de obras p\u00fablicas ou por qualquer outra a\u00e7\u00e3o do munic\u00edpio; estar em situa\u00e7\u00e3o de risco ou vulnerabilidade social; n\u00e3o possuir outro im\u00f3vel na cidade ou na regi\u00e3o metropolitana de <a href=\"http:\/\/www.encontrabelohorizonte.com.br\" target=\"_blank\">guia Belo Horizonte<\/a>; n\u00e3o participar de outros programas habitacionais; ser propriet\u00e1ria e morar no im\u00f3vel residencial que sofreu a interven\u00e7\u00e3o.<\/p>\n<p>De acordo com o superintendente de Habita\u00e7\u00e3o, Alex Couto, o objetivo do recadastramento \u00e9 preservar o er\u00e1rio p\u00fablico. &#8220;Com o recadastramento, conseguiremos estruturar os registros das fam\u00edlias beneficiadas, cumprindo as determina\u00e7\u00f5es legais de atender apenas a quem realmente necessita de aux\u00edlio&#8221;, explicou o superintendente. Alex lembrou ainda que as pessoas que n\u00e3o fizerem a atualiza\u00e7\u00e3o do cadastro ter\u00e1 o pagamento do benef\u00edcio suspenso at\u00e9 que seja realizado o recadastramento. Os interessados devem levar originais e c\u00f3pias da carteira de identidade, do CPF, do comprovante de endere\u00e7o, al\u00e9m da c\u00f3pia do contrato de loca\u00e7\u00e3o do <a title=\"Im\u00f3vel em Betim\" href=\"http:\/\/www.encontrabetim.com.br\/i\/imobiliarias-em-betim.shtml\" target=\"_blank\">im\u00f3vel na cidade de Betim<\/a>.<\/p>\n<p><strong>Onde fazer o recadastramento:\u00a0<\/strong><\/p>\n<p>Centro Administrativo Jo\u00e3o Paulo II<\/p>\n<p>Superintend\u00eancia de Habita\u00e7\u00e3o<\/p>\n<p>Rua Par\u00e1 de Minas, 640, 2\u00ba andar<\/p>\n<p><em>Fonte: Prefeitura Municipal de Betim<\/em><\/p>\n","protected":false},"excerpt":{"rendered":"<p>O recadastramento poder\u00e1 ser feito at\u00e9 o dia 3 de mar\u00e7o, na Superintend\u00eancia de Habita\u00e7\u00e3o. Para participar, a fam\u00edlia deve morar em Betim h\u00e1 pelo menos tr\u00eas anos; residir na moradia de origem h\u00e1, no m\u00ednimo, um ano; ter sido removida em fun\u00e7\u00e3o de execu\u00e7\u00e3o de obras p\u00fablicas ou por qualquer outra a\u00e7\u00e3o do munic\u00edpio; [&hellip;]<\/p>\n","protected":false},"author":1,"featured_media":0,"comment_status":"open","ping_status":"open","sticky":false,"template":"","format":"standard","meta":{"footnotes":""},"categories":[6,8],"tags":[15],"_links":{"self":[{"href":"https:\/\/www.encontrabetim.com.br\/noticias\/wp-json\/wp\/v2\/posts\/177"}],"collection":[{"href":"https:\/\/www.encontrabetim.com.br\/noticias\/wp-json\/wp\/v2\/posts"}],"about":[{"href":"https:\/\/www.encontrabetim.com.br\/noticias\/wp-json\/wp\/v2\/types\/post"}],"author":[{"embeddable":true,"href":"https:\/\/www.encontrabetim.com.br\/noticias\/wp-json\/wp\/v2\/users\/1"}],"replies":[{"embeddable":true,"href":"https:\/\/www.encontrabetim.com.br\/noticias\/wp-json\/wp\/v2\/comments?post=177"}],"version-history":[{"count":1,"href":"https:\/\/www.encontrabetim.com.br\/noticias\/wp-json\/wp\/v2\/posts\/177\/revisions"}],"predecessor-version":[{"id":178,"href":"https:\/\/www.encontrabetim.com.br\/noticias\/wp-json\/wp\/v2\/posts\/177\/revisions\/178"}],"wp:attachment":[{"href":"https:\/\/www.encontrabetim.com.br\/noticias\/wp-json\/wp\/v2\/media?parent=177"}],"wp:term":[{"taxonomy":"category","embeddable":true,"href":"https:\/\/www.encontrabetim.com.br\/noticias\/wp-json\/wp\/v2\/categories?post=177"},{"taxonomy":"post_tag","embeddable":true,"href":"https:\/\/www.encontrabetim.com.br\/noticias\/wp-json\/wp\/v2\/tags?post=177"}],"curies":[{"name":"wp","href":"https:\/\/api.w.org\/{rel}","templated":true}]}}