{"id":189,"date":"2013-03-07T00:01:11","date_gmt":"2013-03-07T03:01:11","guid":{"rendered":"http:\/\/www.encontrabetim.com.br\/noticias\/?p=189"},"modified":"2013-03-11T15:02:49","modified_gmt":"2013-03-11T18:02:49","slug":"prefeitura-realiza-seminario-para-comemorar-dia-mundial-da-agua-em-betim","status":"publish","type":"post","link":"https:\/\/www.encontrabetim.com.br\/noticias\/prefeitura-realiza-seminario-para-comemorar-dia-mundial-da-agua-em-betim\/","title":{"rendered":"Prefeitura realiza semin\u00e1rio para comemorar Dia Mundial da \u00c1gua em Betim"},"content":{"rendered":"<p>Em comemora\u00e7\u00e3o ao Dia Mundial da \u00c1gua, a Prefeitura Municipal de Betim, atrav\u00e9s da Secretaria de Meio Ambiente, realizar\u00e1 um semin\u00e1rio aberto ao p\u00fablico, na manh\u00e3 do dia 22 de mar\u00e7o. Durante o\u00a0<a title=\"Eventos em Betim\" href=\"http:\/\/www.encontrabetim.com.br\/e\/eventos-em-betim.shtml\" target=\"_blank\">evento na cidade de Betim<\/a>\u00a0ser\u00e1 discutido o manejo adequado de \u00e1reas verdes, a despolui\u00e7\u00e3o do Rio Betim e Riacho das Areias, o papel dos munic\u00edpios na pol\u00edtica dos recursos h\u00eddricos, entre outros temas. As palestras acontecer\u00e3o no audit\u00f3rio do Centro Administrativo, das 8h \u00e0s 12h. Os interessados devem se inscrever pelo e-mail educacaoambiental@betim.mg.br, ou diretamente na secretaria de Meio Ambiente, at\u00e9 o dia 20 deste m\u00eas.<\/p>\n<p>Para o secret\u00e1rio de Meio Ambiente, Waldir Teixeira, o objetivo \u00e9 sensibilizar a comunidade de Betim e promover o debate sobre o manejo do recurso h\u00eddrico. &#8220;O Dia Mundial da \u00c1gua \u00e9 uma data que desperta a consci\u00eancia das pessoas para este bem natural e devemos aproveitar o momento para promover debates sobre o tema. A popula\u00e7\u00e3o betinense est\u00e1 convidada para essa manh\u00e3 de palestras. Vamos aproveitar o espa\u00e7o e conhecer um pouco mais sobre o recurso h\u00eddrico na nossa cidade e no pa\u00eds&#8221;, finalizou.<\/p>\n<p>O certificado do semin\u00e1rio ser\u00e1 enviado por e-mail aos participantes que os solicitarem no momento do cadastramento.<\/p>\n<p><em>Fonte: Prefeitura Municipal de Betim<\/em><\/p>\n","protected":false},"excerpt":{"rendered":"<p>Em comemora\u00e7\u00e3o ao Dia Mundial da \u00c1gua, a Prefeitura Municipal de Betim, atrav\u00e9s da Secretaria de Meio Ambiente, realizar\u00e1 um semin\u00e1rio aberto ao p\u00fablico, na manh\u00e3 do dia 22 de mar\u00e7o. Durante o\u00a0evento na cidade de Betim\u00a0ser\u00e1 discutido o manejo adequado de \u00e1reas verdes, a despolui\u00e7\u00e3o do Rio Betim e Riacho das Areias, o papel [&hellip;]<\/p>\n","protected":false},"author":1,"featured_media":0,"comment_status":"open","ping_status":"open","sticky":false,"template":"","format":"standard","meta":{"footnotes":""},"categories":[5,6,8],"tags":[15],"_links":{"self":[{"href":"https:\/\/www.encontrabetim.com.br\/noticias\/wp-json\/wp\/v2\/posts\/189"}],"collection":[{"href":"https:\/\/www.encontrabetim.com.br\/noticias\/wp-json\/wp\/v2\/posts"}],"about":[{"href":"https:\/\/www.encontrabetim.com.br\/noticias\/wp-json\/wp\/v2\/types\/post"}],"author":[{"embeddable":true,"href":"https:\/\/www.encontrabetim.com.br\/noticias\/wp-json\/wp\/v2\/users\/1"}],"replies":[{"embeddable":true,"href":"https:\/\/www.encontrabetim.com.br\/noticias\/wp-json\/wp\/v2\/comments?post=189"}],"version-history":[{"count":2,"href":"https:\/\/www.encontrabetim.com.br\/noticias\/wp-json\/wp\/v2\/posts\/189\/revisions"}],"predecessor-version":[{"id":199,"href":"https:\/\/www.encontrabetim.com.br\/noticias\/wp-json\/wp\/v2\/posts\/189\/revisions\/199"}],"wp:attachment":[{"href":"https:\/\/www.encontrabetim.com.br\/noticias\/wp-json\/wp\/v2\/media?parent=189"}],"wp:term":[{"taxonomy":"category","embeddable":true,"href":"https:\/\/www.encontrabetim.com.br\/noticias\/wp-json\/wp\/v2\/categories?post=189"},{"taxonomy":"post_tag","embeddable":true,"href":"https:\/\/www.encontrabetim.com.br\/noticias\/wp-json\/wp\/v2\/tags?post=189"}],"curies":[{"name":"wp","href":"https:\/\/api.w.org\/{rel}","templated":true}]}}