{"id":242,"date":"2013-04-11T00:01:09","date_gmt":"2013-04-11T03:01:09","guid":{"rendered":"http:\/\/www.encontrabetim.com.br\/noticias\/?p=242"},"modified":"2013-04-10T16:52:35","modified_gmt":"2013-04-10T19:52:35","slug":"bolsa-familia-ira-atender-atraves-de-agendamento-presencial-em-betim","status":"publish","type":"post","link":"https:\/\/www.encontrabetim.com.br\/noticias\/bolsa-familia-ira-atender-atraves-de-agendamento-presencial-em-betim\/","title":{"rendered":"Bolsa Fam\u00edlia ir\u00e1 atender atrav\u00e9s de agendamento presencial em Betim"},"content":{"rendered":"<p>Agora o programa Bolsa-Fam\u00edlia vai atender atrav\u00e9s de agendamento. O benefici\u00e1rio deve reservar o hor\u00e1rio de segunda a sexta-feira, das 8h \u00e0s 17h, na sede do programa (avenida Amazonas, 1605, Centro).<\/p>\n<p>O objetivo da medida \u00e9 facilitar o <a title=\"Servi\u00e7os em Betim\" href=\"http:\/\/www.encontrabetim.com.br\/diretorio\/servicos\/\" target=\"_blank\">servi\u00e7o na cidade de Betim<\/a> aos usu\u00e1rios que passa a ser feito com dia e hora marcados.<\/p>\n<p>A capacidade atual do Bolsa-Fam\u00edlia \u00e9 de 70 atendimentos por dia, sendo 20 destinados ao agendamento preferencial.<\/p>\n<p><em>Fonte: Prefeitura Municipal de Betim<\/em><\/p>\n","protected":false},"excerpt":{"rendered":"<p>Agora o programa Bolsa-Fam\u00edlia vai atender atrav\u00e9s de agendamento. O benefici\u00e1rio deve reservar o hor\u00e1rio de segunda a sexta-feira, das 8h \u00e0s 17h, na sede do programa (avenida Amazonas, 1605, Centro). O objetivo da medida \u00e9 facilitar o servi\u00e7o na cidade de Betim aos usu\u00e1rios que passa a ser feito com dia e hora marcados. [&hellip;]<\/p>\n","protected":false},"author":1,"featured_media":0,"comment_status":"open","ping_status":"open","sticky":false,"template":"","format":"standard","meta":{"footnotes":""},"categories":[6,8],"tags":[15],"_links":{"self":[{"href":"https:\/\/www.encontrabetim.com.br\/noticias\/wp-json\/wp\/v2\/posts\/242"}],"collection":[{"href":"https:\/\/www.encontrabetim.com.br\/noticias\/wp-json\/wp\/v2\/posts"}],"about":[{"href":"https:\/\/www.encontrabetim.com.br\/noticias\/wp-json\/wp\/v2\/types\/post"}],"author":[{"embeddable":true,"href":"https:\/\/www.encontrabetim.com.br\/noticias\/wp-json\/wp\/v2\/users\/1"}],"replies":[{"embeddable":true,"href":"https:\/\/www.encontrabetim.com.br\/noticias\/wp-json\/wp\/v2\/comments?post=242"}],"version-history":[{"count":1,"href":"https:\/\/www.encontrabetim.com.br\/noticias\/wp-json\/wp\/v2\/posts\/242\/revisions"}],"predecessor-version":[{"id":243,"href":"https:\/\/www.encontrabetim.com.br\/noticias\/wp-json\/wp\/v2\/posts\/242\/revisions\/243"}],"wp:attachment":[{"href":"https:\/\/www.encontrabetim.com.br\/noticias\/wp-json\/wp\/v2\/media?parent=242"}],"wp:term":[{"taxonomy":"category","embeddable":true,"href":"https:\/\/www.encontrabetim.com.br\/noticias\/wp-json\/wp\/v2\/categories?post=242"},{"taxonomy":"post_tag","embeddable":true,"href":"https:\/\/www.encontrabetim.com.br\/noticias\/wp-json\/wp\/v2\/tags?post=242"}],"curies":[{"name":"wp","href":"https:\/\/api.w.org\/{rel}","templated":true}]}}