{"id":300,"date":"2013-05-29T00:01:20","date_gmt":"2013-05-29T03:01:20","guid":{"rendered":"http:\/\/www.encontrabetim.com.br\/noticias\/?p=300"},"modified":"2013-05-28T20:59:26","modified_gmt":"2013-05-28T23:59:26","slug":"educacao-inicia-cadastramento-escolar-em-betim","status":"publish","type":"post","link":"https:\/\/www.encontrabetim.com.br\/noticias\/educacao-inicia-cadastramento-escolar-em-betim\/","title":{"rendered":"Educa\u00e7\u00e3o inicia cadastramento escolar em Betim"},"content":{"rendered":"<p>A <a href=\"http:\/\/www.encontrabetim.com.br\/betim\/prefeitura-municipal-de-betim.shtml\" target=\"_blank\">Prefeitura Municipal de Betim<\/a>, por meio da Secretaria Municipal de Educa\u00e7\u00e3o, inicia, no pr\u00f3ximo dia 17 de junho, o cadastramento escolar. O processo tem como objetivo garantir vaga a crian\u00e7as e jovens que v\u00e3o iniciar ou retomar os estudos no ensino fundamental (1\u00ba ao 9\u00ba ano). As inscri\u00e7\u00f5es devem ser feitas at\u00e9 o dia 21 de junho nas escolas municipais.<\/p>\n<p>Devem ser cadastrados crian\u00e7as que completarem seis anos at\u00e9 o dia 31 de mar\u00e7o de 2014 e aqueles que desejam retomar os estudos em qualquer s\u00e9rie do ensino fundamental.<\/p>\n<p>Para fazer o cadastramento, os pais ou respons\u00e1veis devem procurar a escola mais perto da casa onde moram, com os seguintes documentos (originais e c\u00f3pias): certid\u00e3o de nascimento da crian\u00e7a ou adolescente, comprovante de resid\u00eancia recente, documento comprobat\u00f3rio de escolaridade expedido pela <a title=\"Escolas em Betim\" href=\"http:\/\/www.encontrabetim.com.br\/e\/escolas-em-betim.shtml\" target=\"_blank\">escola na cidade de Betim<\/a> de origem (nos casos de transfer\u00eancia para as redes p\u00fablicas ou em caso de retomada dos estudos).<\/p>\n<p><em>Fonte: Prefeitura Municipal de Betim<\/em><\/p>\n","protected":false},"excerpt":{"rendered":"<p>A Prefeitura Municipal de Betim, por meio da Secretaria Municipal de Educa\u00e7\u00e3o, inicia, no pr\u00f3ximo dia 17 de junho, o cadastramento escolar. O processo tem como objetivo garantir vaga a crian\u00e7as e jovens que v\u00e3o iniciar ou retomar os estudos no ensino fundamental (1\u00ba ao 9\u00ba ano). As inscri\u00e7\u00f5es devem ser feitas at\u00e9 o dia [&hellip;]<\/p>\n","protected":false},"author":1,"featured_media":0,"comment_status":"open","ping_status":"open","sticky":false,"template":"","format":"standard","meta":{"footnotes":""},"categories":[6,8],"tags":[15],"_links":{"self":[{"href":"https:\/\/www.encontrabetim.com.br\/noticias\/wp-json\/wp\/v2\/posts\/300"}],"collection":[{"href":"https:\/\/www.encontrabetim.com.br\/noticias\/wp-json\/wp\/v2\/posts"}],"about":[{"href":"https:\/\/www.encontrabetim.com.br\/noticias\/wp-json\/wp\/v2\/types\/post"}],"author":[{"embeddable":true,"href":"https:\/\/www.encontrabetim.com.br\/noticias\/wp-json\/wp\/v2\/users\/1"}],"replies":[{"embeddable":true,"href":"https:\/\/www.encontrabetim.com.br\/noticias\/wp-json\/wp\/v2\/comments?post=300"}],"version-history":[{"count":1,"href":"https:\/\/www.encontrabetim.com.br\/noticias\/wp-json\/wp\/v2\/posts\/300\/revisions"}],"predecessor-version":[{"id":301,"href":"https:\/\/www.encontrabetim.com.br\/noticias\/wp-json\/wp\/v2\/posts\/300\/revisions\/301"}],"wp:attachment":[{"href":"https:\/\/www.encontrabetim.com.br\/noticias\/wp-json\/wp\/v2\/media?parent=300"}],"wp:term":[{"taxonomy":"category","embeddable":true,"href":"https:\/\/www.encontrabetim.com.br\/noticias\/wp-json\/wp\/v2\/categories?post=300"},{"taxonomy":"post_tag","embeddable":true,"href":"https:\/\/www.encontrabetim.com.br\/noticias\/wp-json\/wp\/v2\/tags?post=300"}],"curies":[{"name":"wp","href":"https:\/\/api.w.org\/{rel}","templated":true}]}}