{"id":317,"date":"2013-06-14T00:01:38","date_gmt":"2013-06-14T03:01:38","guid":{"rendered":"http:\/\/www.encontrabetim.com.br\/noticias\/?p=317"},"modified":"2013-06-14T00:45:33","modified_gmt":"2013-06-14T03:45:33","slug":"prefeitura-assina-acordo-para-implantar-rede-cegonha-em-betim","status":"publish","type":"post","link":"https:\/\/www.encontrabetim.com.br\/noticias\/prefeitura-assina-acordo-para-implantar-rede-cegonha-em-betim\/","title":{"rendered":"Prefeitura assina acordo para implantar Rede Cegonha em Betim"},"content":{"rendered":"<p>Uma parceria entre o governo federal e o munic\u00edpio de Betim ir\u00e1 proporcionar as gestantes e pu\u00e9rperas um atendimento humanizado e de qualidade em todas as etapas da sua gesta\u00e7\u00e3o, desde o pr\u00e9-natal at\u00e9 o p\u00f3s-parto. \u00c9 o programa Rede Cegonha, pactuado pelo munic\u00edpio com o Minist\u00e9rio da Sa\u00fade na manh\u00e3 da \u00faltima quinta-feira.<\/p>\n<p>Com a ades\u00e3o do acordo, a secretaria de Sa\u00fade se corresponsabiliza pela qualidade, seguran\u00e7a e humaniza\u00e7\u00e3o do cuidado aos usu\u00e1rios, o fortalecimento do processo participativo de gest\u00e3o com o envolvimento efetivo dos trabalhadores e gestores na melhoria dos processos de trabalho e presta\u00e7\u00e3o de servi\u00e7os. Para o prefeito de Betim, Carlaile Pedrosa, o Rede Cegonha \u00e9 de suma import\u00e2ncia para o munic\u00edpio. &#8220;Nosso objetivo \u00e9 trabalhar para melhorar o atendimento \u00e0s gestantes e \u00e0s crian\u00e7as&#8221;, disse.<\/p>\n<p>O secret\u00e1rio municipal de Sa\u00fade, Mauro Reis, explicou que o trabalho se inicia na aten\u00e7\u00e3o prim\u00e1ria, logo na primeira ultrassonografia. &#8220;Diversos outros projetos do munic\u00edpio ser\u00e3o trabalhados com as m\u00e3es dentro do Rede Cegonha, como por exemplo o M\u00e3e Canguru&#8221;, relata.<\/p>\n<p>Para que as m\u00e3es recebam toda a assist\u00eancia proposta pelo programa, a prefeitura est\u00e1 desenvolvendo o projeto Casa da Gestante, que receber\u00e1 mulheres das regi\u00f5es mais distantes e com dificuldades para se deslocar quando chegar a hora do parto. \u00bfA Casa da Gestante visa possibilitar que as m\u00e3es que tenham um beb\u00ea precoce, ou que estejam pr\u00f3ximo de dar a luz, tenham qualidade na assist\u00eancia, que deve ser r\u00e1pida. Isso evita que fiquem em um leito de hospital, trazendo mais conforto para elas e seus beb\u00eas.\u00bf, conclui Reis.<\/p>\n<p><em>Fonte: Prefeitura Municipal de Betim<\/em><\/p>\n","protected":false},"excerpt":{"rendered":"<p>Uma parceria entre o governo federal e o munic\u00edpio de Betim ir\u00e1 proporcionar as gestantes e pu\u00e9rperas um atendimento humanizado e de qualidade em todas as etapas da sua gesta\u00e7\u00e3o, desde o pr\u00e9-natal at\u00e9 o p\u00f3s-parto. \u00c9 o programa Rede Cegonha, pactuado pelo munic\u00edpio com o Minist\u00e9rio da Sa\u00fade na manh\u00e3 da \u00faltima quinta-feira. Com [&hellip;]<\/p>\n","protected":false},"author":1,"featured_media":0,"comment_status":"open","ping_status":"open","sticky":false,"template":"","format":"standard","meta":{"footnotes":""},"categories":[6,8],"tags":[15],"_links":{"self":[{"href":"https:\/\/www.encontrabetim.com.br\/noticias\/wp-json\/wp\/v2\/posts\/317"}],"collection":[{"href":"https:\/\/www.encontrabetim.com.br\/noticias\/wp-json\/wp\/v2\/posts"}],"about":[{"href":"https:\/\/www.encontrabetim.com.br\/noticias\/wp-json\/wp\/v2\/types\/post"}],"author":[{"embeddable":true,"href":"https:\/\/www.encontrabetim.com.br\/noticias\/wp-json\/wp\/v2\/users\/1"}],"replies":[{"embeddable":true,"href":"https:\/\/www.encontrabetim.com.br\/noticias\/wp-json\/wp\/v2\/comments?post=317"}],"version-history":[{"count":2,"href":"https:\/\/www.encontrabetim.com.br\/noticias\/wp-json\/wp\/v2\/posts\/317\/revisions"}],"predecessor-version":[{"id":319,"href":"https:\/\/www.encontrabetim.com.br\/noticias\/wp-json\/wp\/v2\/posts\/317\/revisions\/319"}],"wp:attachment":[{"href":"https:\/\/www.encontrabetim.com.br\/noticias\/wp-json\/wp\/v2\/media?parent=317"}],"wp:term":[{"taxonomy":"category","embeddable":true,"href":"https:\/\/www.encontrabetim.com.br\/noticias\/wp-json\/wp\/v2\/categories?post=317"},{"taxonomy":"post_tag","embeddable":true,"href":"https:\/\/www.encontrabetim.com.br\/noticias\/wp-json\/wp\/v2\/tags?post=317"}],"curies":[{"name":"wp","href":"https:\/\/api.w.org\/{rel}","templated":true}]}}