{"id":353,"date":"2013-09-23T00:28:07","date_gmt":"2013-09-23T03:28:07","guid":{"rendered":"http:\/\/www.encontrabetim.com.br\/noticias\/?p=353"},"modified":"2013-09-22T23:29:35","modified_gmt":"2013-09-23T02:29:35","slug":"betim-sediara-circuito-pela-paz","status":"publish","type":"post","link":"https:\/\/www.encontrabetim.com.br\/noticias\/betim-sediara-circuito-pela-paz\/","title":{"rendered":"Betim sediar\u00e1 Circuito pela Paz"},"content":{"rendered":"<p>Depois de passar por Contagem, Nova Lima e Belo Horizonte, o Circuito pela Paz \u2013 Corrida na Comunidade chega a Betim. O an\u00fancio foi feito no domingo pela comiss\u00e3o organizadora do evento, durante o circuito que aconteceu no aglomerado da Barragem Santa L\u00facia.<\/p>\n<p>Desta vez, o bairro sede ser\u00e1 o Jardim Teres\u00f3polis, em Betim, no dia 27 de outubro, a partir das 8h30. O objetivo do projeto, que \u00e9 realizado pelo jornal , com o apoio da Prefeitura de Betim, da Copasa, do governo de Minas, da Assembleia Legislativa e da Fiemg, \u00e9 utilizar o esporte como ferramenta de inclus\u00e3o social e de lazer.<\/p>\n<p>\u201cNosso objetivo \u00e9 levar cultura, lazer e entretenimento ao Jardim Teres\u00f3polis, al\u00e9m de integrar a comunidade e promover a\u00e7\u00f5es que visem ao bem para os moradores. Tamb\u00e9m se trata de um reconhecimento do jornal a seus leitores, levando a eles mais do que not\u00edcias, contribui\u00e7\u00f5es de cidadania\u201d, diz Heron Guimar\u00e3es, diretor executivo da Sempre Editora.<\/p>\n<p>Os \u201catletas\u201d ter\u00e3o que ter muita disposi\u00e7\u00e3o para conseguir vencer vias, morros e avenidas da comunidade em percursos de 5 km e 10 km. O evento ainda prev\u00ea uma minicorrida infantil de 1 km. Ao todo, ser\u00e3o disponibilizadas mil inscri\u00e7\u00f5es.<\/p>\n<p><strong>Prova<\/strong><\/p>\n<p>Para o l\u00edder comunit\u00e1rio do Teres\u00f3polis, Jaime Thalles, essa \u00e9 uma corrida que muitas comunidades perif\u00e9ricas gostariam de receber. \u201cEsse projeto \u00e9 um divisor de \u00e1guas por onde passa, porque n\u00e3o promove apenas o bem-estar das pessoas, mas ressalta o que de melhor esses aglomerados t\u00eam. E assim como muitas comunidades subnormais, o Jardim Teres\u00f3polis busca ideias para o seu povo\u201d, disse.<\/p>\n<p>O evento ter\u00e1 tendas de atendimento, guarda-volumes, banheiros qu\u00edmicos, postos de hidrata\u00e7\u00e3o e um p\u00f3dio de premia\u00e7\u00e3o.<\/p>\n","protected":false},"excerpt":{"rendered":"<p>Depois de passar por Contagem, Nova Lima e Belo Horizonte, o Circuito pela Paz \u2013 Corrida na Comunidade chega a Betim. O an\u00fancio foi feito no domingo pela comiss\u00e3o organizadora do evento, durante o circuito que aconteceu no aglomerado da Barragem Santa L\u00facia. Desta vez, o bairro sede ser\u00e1 o Jardim Teres\u00f3polis, em Betim, no [&hellip;]<\/p>\n","protected":false},"author":1,"featured_media":0,"comment_status":"open","ping_status":"open","sticky":false,"template":"","format":"standard","meta":{"footnotes":""},"categories":[6],"tags":[],"_links":{"self":[{"href":"https:\/\/www.encontrabetim.com.br\/noticias\/wp-json\/wp\/v2\/posts\/353"}],"collection":[{"href":"https:\/\/www.encontrabetim.com.br\/noticias\/wp-json\/wp\/v2\/posts"}],"about":[{"href":"https:\/\/www.encontrabetim.com.br\/noticias\/wp-json\/wp\/v2\/types\/post"}],"author":[{"embeddable":true,"href":"https:\/\/www.encontrabetim.com.br\/noticias\/wp-json\/wp\/v2\/users\/1"}],"replies":[{"embeddable":true,"href":"https:\/\/www.encontrabetim.com.br\/noticias\/wp-json\/wp\/v2\/comments?post=353"}],"version-history":[{"count":1,"href":"https:\/\/www.encontrabetim.com.br\/noticias\/wp-json\/wp\/v2\/posts\/353\/revisions"}],"predecessor-version":[{"id":354,"href":"https:\/\/www.encontrabetim.com.br\/noticias\/wp-json\/wp\/v2\/posts\/353\/revisions\/354"}],"wp:attachment":[{"href":"https:\/\/www.encontrabetim.com.br\/noticias\/wp-json\/wp\/v2\/media?parent=353"}],"wp:term":[{"taxonomy":"category","embeddable":true,"href":"https:\/\/www.encontrabetim.com.br\/noticias\/wp-json\/wp\/v2\/categories?post=353"},{"taxonomy":"post_tag","embeddable":true,"href":"https:\/\/www.encontrabetim.com.br\/noticias\/wp-json\/wp\/v2\/tags?post=353"}],"curies":[{"name":"wp","href":"https:\/\/api.w.org\/{rel}","templated":true}]}}