{"id":380,"date":"2013-12-13T10:03:46","date_gmt":"2013-12-13T12:03:46","guid":{"rendered":"http:\/\/www.encontrabetim.com.br\/noticias\/?p=380"},"modified":"2013-12-16T00:47:49","modified_gmt":"2013-12-16T02:47:49","slug":"terminal-rodoviario-de-betim-entra-em-operacao","status":"publish","type":"post","link":"https:\/\/www.encontrabetim.com.br\/noticias\/terminal-rodoviario-de-betim-entra-em-operacao\/","title":{"rendered":"Terminal rodovi\u00e1rio de Betim entra em opera\u00e7\u00e3o"},"content":{"rendered":"<p>A partir desta sexta-feira (13), os usu\u00e1rios do transporte coletivo das linhas de \u00f4nibus com ponto em frente ao Metropolitan Shopping de Betim, com destino a Belo Horizonte, v\u00e3o contar com um novo ponto de embarque e desembarque. Isso, porque a <a title=\"Prefeitura de Betim\" href=\"http:\/\/www.encontrabetim.com.br\/betim\/prefeitura-municipal-de-betim.shtml\" target=\"_blank\">Prefeitura de Betim<\/a>, por meio da Transbetim, ir\u00e1 colocar em opera\u00e7\u00e3o, o terminal rodovi\u00e1rio do munic\u00edpio, instalado ao lado do shopping, \u00e0s margens da rodovia Fern\u00e3o Dias (BR-381). O objetivo \u00e9 proporcionar mais seguran\u00e7a, conforto e comodidade aos passageiros.<\/p>\n<p>De acordo com a autarquia, o embarque e desembarque dos usu\u00e1rios das linhas municipais ser\u00e3o transferidos para o terminal onde ter\u00e3o novos pontos de \u00f4nibus que ser\u00e3o distribu\u00eddos nas plataformas A e B. Sendo assim, o atual ponto de \u00f4nibus ir\u00e1 atender apenas as linhas intermunicipais, ou seja, as que circulam pelo munic\u00edpio de Betim com destino a outras cidades e que s\u00e3o gerenciadas pelo Departamento de Estrada de Rodagem (DER-MG).<\/p>\n<p>O terminal possui uma estrutura coberta e conta com uma equipe de seguran\u00e7a privada. Al\u00e9m disso, permite f\u00e1cil acesso a BR-262, Vias Expressa e Al\u00e7a Vi\u00e1ria. Para orientar os usu\u00e1rios sobre o novo ponto, a Transbetim afixou cartazes informativos no interior de cada ve\u00edculo.<\/p>\n<p>Para mais informa\u00e7\u00f5es a popula\u00e7\u00e3o pode ligar para o call center da Transbetim (0800 283 5993), de segunda a sexta-feira, das 8h \u00e0s 12, e das 13h \u00e0s 17h. E aos s\u00e1bados, das 8h \u00e0s 17h.<\/p>\n<p><strong>Linhas que ter\u00e3o atendimento:<\/strong><\/p>\n<p><strong>Plataforma A<\/strong><\/p>\n<p>Linha 61 &#8211; Nossa Senhora das Gra\u00e7as \/ Cruzeiro \/Petrovale\/ Jardim Nazareno<br \/>\nLinha 160 &#8211; Nossa Senhora das Gra\u00e7as\/Petrobras &#8211; Petrovale e Jardim Nazareno<br \/>\nLinha 260 &#8211; Taquaril \/ Fiat \u2013 Via PTB \/ atendimento ao Paulo Camilo<br \/>\nLinha 261 &#8211; Taquaril \/ Cruzeiro \u2013 Via Santa F\u00e9 e Vila Verde \/ atendimento ao Campos El\u00edseos<\/p>\n<p><strong>Plataforma B<\/strong><\/p>\n<p>Linha 40 Jardim Perla \/ Residencial Lagoa &#8211; Via Maternidade<br \/>\nLinha 50 Granja Verde\/ Hospital Regional \u2013 Via Imbiru\u00e7u<br \/>\nLinha 410 &#8211; S\u00e3o Caetano \/ Centro &#8211; Via Nova Baden<br \/>\nLinha 411 &#8211; Granja Verde \/ Centro &#8211; Via Imbiru\u00e7u<br \/>\nLinha 412 &#8211; Capelinha \/ Centro &#8211; Via S\u00e3o Crist\u00f3v\u00e3o<br \/>\nLinha 450 &#8211; S\u00e3o Lu\u00eds\/ Alvorada<\/p>\n","protected":false},"excerpt":{"rendered":"<p>A partir desta sexta-feira (13), os usu\u00e1rios do transporte coletivo das linhas de \u00f4nibus com ponto em frente ao Metropolitan Shopping de Betim, com destino a Belo Horizonte, v\u00e3o contar com um novo ponto de embarque e desembarque. Isso, porque a Prefeitura de Betim, por meio da Transbetim, ir\u00e1 colocar em opera\u00e7\u00e3o, o terminal rodovi\u00e1rio [&hellip;]<\/p>\n","protected":false},"author":1,"featured_media":0,"comment_status":"open","ping_status":"open","sticky":false,"template":"","format":"standard","meta":{"footnotes":""},"categories":[6],"tags":[],"_links":{"self":[{"href":"https:\/\/www.encontrabetim.com.br\/noticias\/wp-json\/wp\/v2\/posts\/380"}],"collection":[{"href":"https:\/\/www.encontrabetim.com.br\/noticias\/wp-json\/wp\/v2\/posts"}],"about":[{"href":"https:\/\/www.encontrabetim.com.br\/noticias\/wp-json\/wp\/v2\/types\/post"}],"author":[{"embeddable":true,"href":"https:\/\/www.encontrabetim.com.br\/noticias\/wp-json\/wp\/v2\/users\/1"}],"replies":[{"embeddable":true,"href":"https:\/\/www.encontrabetim.com.br\/noticias\/wp-json\/wp\/v2\/comments?post=380"}],"version-history":[{"count":2,"href":"https:\/\/www.encontrabetim.com.br\/noticias\/wp-json\/wp\/v2\/posts\/380\/revisions"}],"predecessor-version":[{"id":382,"href":"https:\/\/www.encontrabetim.com.br\/noticias\/wp-json\/wp\/v2\/posts\/380\/revisions\/382"}],"wp:attachment":[{"href":"https:\/\/www.encontrabetim.com.br\/noticias\/wp-json\/wp\/v2\/media?parent=380"}],"wp:term":[{"taxonomy":"category","embeddable":true,"href":"https:\/\/www.encontrabetim.com.br\/noticias\/wp-json\/wp\/v2\/categories?post=380"},{"taxonomy":"post_tag","embeddable":true,"href":"https:\/\/www.encontrabetim.com.br\/noticias\/wp-json\/wp\/v2\/tags?post=380"}],"curies":[{"name":"wp","href":"https:\/\/api.w.org\/{rel}","templated":true}]}}