{"id":392,"date":"2014-01-24T11:15:10","date_gmt":"2014-01-24T13:15:10","guid":{"rendered":"http:\/\/www.encontrabetim.com.br\/noticias\/?p=392"},"modified":"2014-01-24T11:15:10","modified_gmt":"2014-01-24T13:15:10","slug":"cursos-e-oficinas-da-apromiv-vao-comecar-no-dia-3-de-fevereiro-em-betim","status":"publish","type":"post","link":"https:\/\/www.encontrabetim.com.br\/noticias\/cursos-e-oficinas-da-apromiv-vao-comecar-no-dia-3-de-fevereiro-em-betim\/","title":{"rendered":"Cursos e oficinas da Apromiv v\u00e3o come\u00e7ar no dia 3 de fevereiro em Betim"},"content":{"rendered":"<p>J\u00e1 est\u00e3o abertas as inscri\u00e7\u00f5es para os cursos e oficinas da Associa\u00e7\u00e3o de Prote\u00e7\u00e3o \u00e0 Maternidade, Inf\u00e2ncia e Velhice (Apromiv). Neste ano ser\u00e3o ofertadas aulas de pintura especial (novata e infantil), falso richili\u00ea, corte e costura, bordados\/bainha, croch\u00ea, bordados diversos, colcha de retalho, caseado, caixa em MDF, brinquedos, bordado em fita, pedraria, camiseta da copa, bonecas, coral e viol\u00e3o. A previs\u00e3o \u00e9 que os cursos comecem no dia 3 de fevereiro.<\/p>\n<p>De acordo com a presidente de honra da Apromiv, Patr\u00edcia da Silva Matos Franco, as inscri\u00e7\u00f5es da Apromiv-sede j\u00e1 se esgotaram, mas continuam abertas nos n\u00facleos. &#8220;No Maria de Souza Paz e no Geraldo Rabelo ainda h\u00e1 vagas para os cursos de almofada, bordado caseado e com fita, pintura em tecido, bordado com bainha aberta, boneca e croch\u00ea, al\u00e9m das aulas de gin\u00e1stica localizada e do programa Maternidade M\u00e3e Mary&#8221;, disse.<\/p>\n<p>Os interessados em participar das atividades podem se inscrever, de segunda a sexta-feira, das 8h \u00e0s 17h, nos n\u00facleos onde tiverem interesse (veja endere\u00e7o no quadro abaixo). Para isso, \u00e9 preciso apresentar o comprovante de endere\u00e7o, c\u00f3pia da carteira de identidade e do CPF e uma foto 3&#215;4. No caso de ser usu\u00e1rio de medicamento controlado \u00e9 preciso apresentar receita m\u00e9dica, para que a associa\u00e7\u00e3o possa fazer o acompanhamento.<\/p>\n<p>N\u00facleo Comunit\u00e1rio Geraldo Rabelo: rua Ana Neri, 276, Col\u00f4nia Santa Isabel, telefone 3530-6172<\/p>\n<p>N\u00facleo Comunit\u00e1rio Maria de Souza Paz : rua Oito, 115, Granja Verde, telefone 3597-4642.<\/p>\n","protected":false},"excerpt":{"rendered":"<p>J\u00e1 est\u00e3o abertas as inscri\u00e7\u00f5es para os cursos e oficinas da Associa\u00e7\u00e3o de Prote\u00e7\u00e3o \u00e0 Maternidade, Inf\u00e2ncia e Velhice (Apromiv). Neste ano ser\u00e3o ofertadas aulas de pintura especial (novata e infantil), falso richili\u00ea, corte e costura, bordados\/bainha, croch\u00ea, bordados diversos, colcha de retalho, caseado, caixa em MDF, brinquedos, bordado em fita, pedraria, camiseta da copa, [&hellip;]<\/p>\n","protected":false},"author":1,"featured_media":0,"comment_status":"open","ping_status":"open","sticky":false,"template":"","format":"standard","meta":{"footnotes":""},"categories":[6],"tags":[],"_links":{"self":[{"href":"https:\/\/www.encontrabetim.com.br\/noticias\/wp-json\/wp\/v2\/posts\/392"}],"collection":[{"href":"https:\/\/www.encontrabetim.com.br\/noticias\/wp-json\/wp\/v2\/posts"}],"about":[{"href":"https:\/\/www.encontrabetim.com.br\/noticias\/wp-json\/wp\/v2\/types\/post"}],"author":[{"embeddable":true,"href":"https:\/\/www.encontrabetim.com.br\/noticias\/wp-json\/wp\/v2\/users\/1"}],"replies":[{"embeddable":true,"href":"https:\/\/www.encontrabetim.com.br\/noticias\/wp-json\/wp\/v2\/comments?post=392"}],"version-history":[{"count":1,"href":"https:\/\/www.encontrabetim.com.br\/noticias\/wp-json\/wp\/v2\/posts\/392\/revisions"}],"predecessor-version":[{"id":393,"href":"https:\/\/www.encontrabetim.com.br\/noticias\/wp-json\/wp\/v2\/posts\/392\/revisions\/393"}],"wp:attachment":[{"href":"https:\/\/www.encontrabetim.com.br\/noticias\/wp-json\/wp\/v2\/media?parent=392"}],"wp:term":[{"taxonomy":"category","embeddable":true,"href":"https:\/\/www.encontrabetim.com.br\/noticias\/wp-json\/wp\/v2\/categories?post=392"},{"taxonomy":"post_tag","embeddable":true,"href":"https:\/\/www.encontrabetim.com.br\/noticias\/wp-json\/wp\/v2\/tags?post=392"}],"curies":[{"name":"wp","href":"https:\/\/api.w.org\/{rel}","templated":true}]}}